{"id":656,"date":"1997-05-01T23:27:30","date_gmt":"1997-05-01T21:27:30","guid":{"rendered":"http:\/\/www.levergerdemesecrits.eu\/Poemier\/?p=656"},"modified":"2013-01-22T13:58:04","modified_gmt":"2013-01-22T11:58:04","slug":"le-plus-beau-jour-de-ma-vie","status":"publish","type":"post","link":"https:\/\/www.levergerdemesecrits.eu\/Poemier\/le-plus-beau-jour-de-ma-vie\/","title":{"rendered":"Le plus beau jour de ma seconde vie"},"content":{"rendered":"<p><center><font color=\"#660000\" size=\"4\" face=\"Monotype Corsiva,Book Antiqua\"><br \/>\n<img loading=\"lazy\" decoding=\"async\" src=\"http:\/\/www.levergerdemesecrits.eu\/Poemier\/wp-content\/uploads\/2012\/06\/1997-05-01-150x150.jpg\" alt=\"\" title=\"1997-05-01\" width=\"150\" height=\"150\" class=\"aligncenter size-thumbnail wp-image-657\" \/><\/p>\n<p>01 mai, le jour de la premi\u00e8re fois<br \/>\nUn pic-nic, une couverture et puis toi.<br \/>\nNous laissant aller \u00e0 notre passion,<br \/>\nCorps enlac\u00e9s dans un m\u00eame frisson.<\/p>\n<p>Il \u00e9tait revenu le temps du muguet<br \/>\nComme un vieil ami retrouv\u00e9<br \/>\nIl est revenu fl\u00e2ner pr\u00e8s de la for\u00eat<br \/>\nJusqu&rsquo;au banc o\u00f9 je t&rsquo;attendais<\/p>\n<p>Ce jour l\u00e0, j&rsquo;ai vu refleurir<br \/>\nLe merveilleux \u00e9clat de ton sourire<br \/>\nCe jour l\u00e0, plus beau que jamais<br \/>\nGrav\u00e9 dans ma m\u00e9moire \u00e0 jamais.<\/p>\n<p>Le temps du muguet ne dure jamais<br \/>\nPlus longtemps que le mois de mai<br \/>\nQuand tous ses bouquets d\u00e9j\u00e0 se sont fan\u00e9s<br \/>\nPour nous deux rien n&rsquo;aurait chang\u00e9<\/p>\n<p>Aussi belle qu&rsquo;avant<br \/>\nCette chanson, bleu oc\u00e9an<br \/>\nChantera comme au premier jour<br \/>\nTant que nous vivrons d&rsquo;un \u00e9ternel Amour<\/p>\n<p>Il s&rsquo;en est all\u00e9 le temps du muguet<br \/>\nComme un vieil ami fatigu\u00e9<br \/>\nPour toute une ann\u00e9e pour se faire oublier<br \/>\nAvec toutes ces nuits o\u00f9 nous nous sommes aim\u00e9s.<\/p>\n<p>En partant il nous a laiss\u00e9<br \/>\nUn peu de son printemps<br \/>\nUn peu de ses vingt ans<br \/>\nPour s&rsquo;aimer, &#8230; pour s&rsquo;aimer \u00e9loign\u00e9s.<\/p>\n<p>Ce premier mai fut le plus beau jour de ma vie, gr\u00e2ce \u00e0 toi.<br \/>\nJAMAIS je ne l&rsquo;oublierai, non JAMAIS<\/p>\n<p>(c) 1997 Didier SEHA <br \/><\/font>(<a href=\"http:\/\/poemier.seha.be\" rel=\"nofollow noopener\" target=\"_blank\">http:\/\/poemier.seha.be<\/a>)<\/p>\n<p><img loading=\"lazy\" decoding=\"async\" src=\"http:\/\/www.levergerdemesecrits.eu\/Poemier\/wp-content\/uploads\/2012\/06\/1997-05-01.jpg\" alt=\"\" title=\"1997-05-01\" width=\"600\" height=\"450\" class=\"aligncenter size-full wp-image-657\" srcset=\"https:\/\/www.levergerdemesecrits.eu\/Poemier\/wp-content\/uploads\/2012\/06\/1997-05-01.jpg 600w, https:\/\/www.levergerdemesecrits.eu\/Poemier\/wp-content\/uploads\/2012\/06\/1997-05-01-300x225.jpg 300w\" sizes=\"auto, (max-width: 600px) 100vw, 600px\" \/><\/p>\n<p><a href=\"http:\/\/www.copyrightdepot.com\/rep139\/00045120.htm\" title=\"texte prot\u00e9g\u00e9 par Copyright\" rel=\"nofollow noopener\" target=\"_blank\"><img decoding=\"async\" src=\"http:\/\/www.levergerdemesecrits.eu\/Poemier\/wp-content\/uploads\/2009\/05\/logocopy.jpg\" alt=\"texte prot\u00e9g\u00e9 par Copyright\" \/><\/a><\/p>\n<p><\/font><\/center> <\/p>\n","protected":false},"excerpt":{"rendered":"<p>01 mai, le jour de la premi\u00e8re fois Un pic-nic, une couverture et puis toi. Nous laissant aller \u00e0 notre passion, Corps enlac\u00e9s dans un m\u00eame frisson. Il \u00e9tait revenu le temps du muguet Comme un vieil ami retrouv\u00e9 Il &hellip; <a href=\"https:\/\/www.levergerdemesecrits.eu\/Poemier\/le-plus-beau-jour-de-ma-vie\/\">Continuer la lecture <span class=\"meta-nav\">&rarr;<\/span><\/a><\/p>\n","protected":false},"author":2,"featured_media":0,"comment_status":"open","ping_status":"open","sticky":false,"template":"","format":"standard","meta":{"footnotes":""},"categories":[3],"tags":[],"class_list":["post-656","post","type-post","status-publish","format-standard","hentry","category-pomme-damour"],"_links":{"self":[{"href":"https:\/\/www.levergerdemesecrits.eu\/Poemier\/wp-json\/wp\/v2\/posts\/656","targetHints":{"allow":["GET"]}}],"collection":[{"href":"https:\/\/www.levergerdemesecrits.eu\/Poemier\/wp-json\/wp\/v2\/posts"}],"about":[{"href":"https:\/\/www.levergerdemesecrits.eu\/Poemier\/wp-json\/wp\/v2\/types\/post"}],"author":[{"embeddable":true,"href":"https:\/\/www.levergerdemesecrits.eu\/Poemier\/wp-json\/wp\/v2\/users\/2"}],"replies":[{"embeddable":true,"href":"https:\/\/www.levergerdemesecrits.eu\/Poemier\/wp-json\/wp\/v2\/comments?post=656"}],"version-history":[{"count":6,"href":"https:\/\/www.levergerdemesecrits.eu\/Poemier\/wp-json\/wp\/v2\/posts\/656\/revisions"}],"predecessor-version":[{"id":891,"href":"https:\/\/www.levergerdemesecrits.eu\/Poemier\/wp-json\/wp\/v2\/posts\/656\/revisions\/891"}],"wp:attachment":[{"href":"https:\/\/www.levergerdemesecrits.eu\/Poemier\/wp-json\/wp\/v2\/media?parent=656"}],"wp:term":[{"taxonomy":"category","embeddable":true,"href":"https:\/\/www.levergerdemesecrits.eu\/Poemier\/wp-json\/wp\/v2\/categories?post=656"},{"taxonomy":"post_tag","embeddable":true,"href":"https:\/\/www.levergerdemesecrits.eu\/Poemier\/wp-json\/wp\/v2\/tags?post=656"}],"curies":[{"name":"wp","href":"https:\/\/api.w.org\/{rel}","templated":true}]}}